{"id":139,"date":"2025-01-02T10:50:09","date_gmt":"2025-01-02T10:50:09","guid":{"rendered":"https:\/\/folkestyret.dk\/danmark\/?p=139"},"modified":"2025-01-02T15:36:07","modified_gmt":"2025-01-02T15:36:07","slug":"bureaukratiet-tager-livet-af-danmark-og-europa-%e2%80%bc%ef%b8%8f","status":"publish","type":"post","link":"https:\/\/folkestyret.dk\/danmark\/2025\/01\/02\/bureaukratiet-tager-livet-af-danmark-og-europa-%e2%80%bc%ef%b8%8f\/","title":{"rendered":"Bureaukratiet tager livet af Danmark og Europa \u203c\ufe0f"},"content":{"rendered":"\n<p>HANDLING P\u00c5KR\u00c6VET.<\/p>\n\n\n\n<p>USA Innoverer, Kina Kopierer og Danmark og Europa Administrerer og Regulerer.<\/p>\n\n\n\n<p>EU og dermed ogs\u00e5 Danmark drukner i love og paragraffer der tager livet af ethvert godt iv\u00e6rks\u00e6tteri og initiativ. Vi taber s\u00e5ledes terr\u00e6n til vores omverden.<\/p>\n\n\n\n<p>Det skal der laves om p\u00e5. Derfor skal en decentralisering af magt og beslutnings kompetence straks igangs\u00e6ttes.<\/p>\n\n\n\n<ul class=\"wp-block-list\"><li>Danmarks tilknytning til EU skal reduceres til udelukkende at v\u00e6re et \u00e5bent og frit handelssamarbejde.<\/li><\/ul>\n\n\n\n<ul class=\"wp-block-list\"><li>Regionerne skal nedl\u00e6gges.<\/li><\/ul>\n\n\n\n<ul class=\"wp-block-list\"><li>Kommunerne indf\u00f8rer borger-og lokalr\u00e5dsm\u00f8der s\u00e5ledes at lokalbefolkningen bliver indvolveret og aktiveret ved den kommunale og lokale sags- og beslutningsproces.<\/li><\/ul>\n\n\n\n<p>BORGERNE I CENTRUM.<\/p>\n\n\n\n<p>Folkestyret.dk sikrer det #Direkte #Demokrati hvor du igen bliver &#8220;herre i eget hus&#8221;.<\/p>\n","protected":false},"excerpt":{"rendered":"<p>HANDLING P\u00c5KR\u00c6VET. USA Innoverer, Kina Kopierer og Danmark og Europa Administrerer og Regulerer. EU og dermed ogs\u00e5 Danmark drukner i love og paragraffer der tager livet af ethvert godt iv\u00e6rks\u00e6tteri og initiativ. Vi taber s\u00e5ledes terr\u00e6n til vores omverden. Det skal der laves om p\u00e5. Derfor skal en decentralisering af magt og beslutnings kompetence straks &hellip; <\/p>\n<p class=\"link-more\"><a href=\"https:\/\/folkestyret.dk\/danmark\/2025\/01\/02\/bureaukratiet-tager-livet-af-danmark-og-europa-%e2%80%bc%ef%b8%8f\/\" class=\"more-link\">L\u00e6s videre<span class=\"screen-reader-text\"> &#8220;Bureaukratiet tager livet af Danmark og Europa \u203c\ufe0f&#8221;<\/span><\/a><\/p>\n","protected":false},"author":1,"featured_media":0,"comment_status":"open","ping_status":"open","sticky":false,"template":"","format":"standard","meta":{"footnotes":""},"categories":[1],"tags":[10],"class_list":["post-139","post","type-post","status-publish","format-standard","hentry","category-uncategorized","tag-direktedemokrati-folkestyret-folkestyret-dk"],"jetpack_featured_media_url":"","_links":{"self":[{"href":"https:\/\/folkestyret.dk\/danmark\/wp-json\/wp\/v2\/posts\/139","targetHints":{"allow":["GET"]}}],"collection":[{"href":"https:\/\/folkestyret.dk\/danmark\/wp-json\/wp\/v2\/posts"}],"about":[{"href":"https:\/\/folkestyret.dk\/danmark\/wp-json\/wp\/v2\/types\/post"}],"author":[{"embeddable":true,"href":"https:\/\/folkestyret.dk\/danmark\/wp-json\/wp\/v2\/users\/1"}],"replies":[{"embeddable":true,"href":"https:\/\/folkestyret.dk\/danmark\/wp-json\/wp\/v2\/comments?post=139"}],"version-history":[{"count":3,"href":"https:\/\/folkestyret.dk\/danmark\/wp-json\/wp\/v2\/posts\/139\/revisions"}],"predecessor-version":[{"id":161,"href":"https:\/\/folkestyret.dk\/danmark\/wp-json\/wp\/v2\/posts\/139\/revisions\/161"}],"wp:attachment":[{"href":"https:\/\/folkestyret.dk\/danmark\/wp-json\/wp\/v2\/media?parent=139"}],"wp:term":[{"taxonomy":"category","embeddable":true,"href":"https:\/\/folkestyret.dk\/danmark\/wp-json\/wp\/v2\/categories?post=139"},{"taxonomy":"post_tag","embeddable":true,"href":"https:\/\/folkestyret.dk\/danmark\/wp-json\/wp\/v2\/tags?post=139"}],"curies":[{"name":"wp","href":"https:\/\/api.w.org\/{rel}","templated":true}]}}