{"id":142,"date":"2025-01-02T13:45:25","date_gmt":"2025-01-02T13:45:25","guid":{"rendered":"https:\/\/folkestyret.dk\/danmark\/?p=142"},"modified":"2025-01-02T15:43:02","modified_gmt":"2025-01-02T15:43:02","slug":"danmarks-forsvar-i-groenland-styrkes-med-15-mia-om-aaret","status":"publish","type":"post","link":"https:\/\/folkestyret.dk\/danmark\/2025\/01\/02\/danmarks-forsvar-i-groenland-styrkes-med-15-mia-om-aaret\/","title":{"rendered":"DANMARKS FORSVAR I GR\u00d8NLAND STYRKES MED 15 MIA OM \u00c5RET"},"content":{"rendered":"\n<p>Rigsf\u00e6llesskabet med Danmark ved roret besidder velnok en af verdens mest geopolitiske og strategiske landstykker for \u00f8jeblikket da Gr\u00f8nland ligger i gr\u00e6nselandet mellem &#8220;\u00f8st og vest&#8221;.<\/p>\n\n\n\n<p>Herudover blot l\u00e6gges Gr\u00f8nlands mineraler og naturrigdomme for alverdens skue i forbindelse med afsmeltningen af den beskyttede kappe- Indlandsisen, hvilket giver lystig appetit for alverdens magtfulde krigsherrer, golddiggers, opportunister m.v.<\/p>\n\n\n\n<p>DET KAN VI IKKE ACCEPTERE !<\/p>\n\n\n\n<p>Det m\u00e5 s\u00e5ledes v\u00e6re ret og rimeligt at vi styrker vores tilstedev\u00e6relse og vores forsvar af verdens st\u00f8rste \u00f8, Gr\u00f8nland, ved at dedikere de 2,2% allokerede NATO bnp-midler til udbyggelse og vedligeholdelse af rigsf\u00e6llesskabets forsvarsv\u00e6rk af vores nordatlantiske naturperle, Gr\u00f8nland.<\/p>\n\n\n\n<p>S\u00e5ledes er det oplagt at vi tilf\u00f8rer Gr\u00f8nlands forsvar, Sl\u00e6depatruljen, milit\u00e6re anl\u00e6g, lufthavne m.v. i Gr\u00f8nland, de \u00e5rlige ca. 15 milliarder dkr som Danmark bidrager med til NATO&#8217;s samlede forsvar og dette med god NATO Musketer Ed i behold.<\/p>\n\n\n\n<p>FOLKESTYRET I DANMARK, MED NATO SOM BISIDDER, SIKRER S\u00c5LEDES FLANKEN MOD DE &#8220;FREMMEDE MAGTER&#8221; P\u00c5 DEN NORDLIGE HALVKUGLE.<\/p>\n\n\n\n<p>FOLKESTYRET.DK \ud83c\udf3bNATUR-LIG-VIS<\/p>\n\n\n\n<p><\/p>\n\n\n\n<p><\/p>\n","protected":false},"excerpt":{"rendered":"<p>Rigsf\u00e6llesskabet med Danmark ved roret besidder velnok en af verdens mest geopolitiske og strategiske landstykker for \u00f8jeblikket da Gr\u00f8nland ligger i gr\u00e6nselandet mellem &#8220;\u00f8st og vest&#8221;. Herudover blot l\u00e6gges Gr\u00f8nlands mineraler og naturrigdomme for alverdens skue i forbindelse med afsmeltningen af den beskyttede kappe- Indlandsisen, hvilket giver lystig appetit for alverdens magtfulde krigsherrer, golddiggers, opportunister &hellip; <\/p>\n<p class=\"link-more\"><a href=\"https:\/\/folkestyret.dk\/danmark\/2025\/01\/02\/danmarks-forsvar-i-groenland-styrkes-med-15-mia-om-aaret\/\" class=\"more-link\">L\u00e6s videre<span class=\"screen-reader-text\"> &#8220;DANMARKS FORSVAR I GR\u00d8NLAND STYRKES MED 15 MIA OM \u00c5RET&#8221;<\/span><\/a><\/p>\n","protected":false},"author":1,"featured_media":0,"comment_status":"open","ping_status":"open","sticky":false,"template":"","format":"standard","meta":{"footnotes":""},"categories":[1],"tags":[],"class_list":["post-142","post","type-post","status-publish","format-standard","hentry","category-uncategorized"],"jetpack_featured_media_url":"","_links":{"self":[{"href":"https:\/\/folkestyret.dk\/danmark\/wp-json\/wp\/v2\/posts\/142","targetHints":{"allow":["GET"]}}],"collection":[{"href":"https:\/\/folkestyret.dk\/danmark\/wp-json\/wp\/v2\/posts"}],"about":[{"href":"https:\/\/folkestyret.dk\/danmark\/wp-json\/wp\/v2\/types\/post"}],"author":[{"embeddable":true,"href":"https:\/\/folkestyret.dk\/danmark\/wp-json\/wp\/v2\/users\/1"}],"replies":[{"embeddable":true,"href":"https:\/\/folkestyret.dk\/danmark\/wp-json\/wp\/v2\/comments?post=142"}],"version-history":[{"count":5,"href":"https:\/\/folkestyret.dk\/danmark\/wp-json\/wp\/v2\/posts\/142\/revisions"}],"predecessor-version":[{"id":162,"href":"https:\/\/folkestyret.dk\/danmark\/wp-json\/wp\/v2\/posts\/142\/revisions\/162"}],"wp:attachment":[{"href":"https:\/\/folkestyret.dk\/danmark\/wp-json\/wp\/v2\/media?parent=142"}],"wp:term":[{"taxonomy":"category","embeddable":true,"href":"https:\/\/folkestyret.dk\/danmark\/wp-json\/wp\/v2\/categories?post=142"},{"taxonomy":"post_tag","embeddable":true,"href":"https:\/\/folkestyret.dk\/danmark\/wp-json\/wp\/v2\/tags?post=142"}],"curies":[{"name":"wp","href":"https:\/\/api.w.org\/{rel}","templated":true}]}}