{"id":166,"date":"2025-01-02T21:26:56","date_gmt":"2025-01-02T21:26:56","guid":{"rendered":"https:\/\/folkestyret.dk\/danmark\/?p=166"},"modified":"2025-01-02T21:26:56","modified_gmt":"2025-01-02T21:26:56","slug":"klima-energi-og-forsynings-ministeren-har-fejlet","status":"publish","type":"post","link":"https:\/\/folkestyret.dk\/danmark\/2025\/01\/02\/klima-energi-og-forsynings-ministeren-har-fejlet\/","title":{"rendered":"Klima-, Energi- og Forsynings-ministeren har fejlet."},"content":{"rendered":"\n<p>KEF Minister Lars Aagaard (M) stiller urimelige krav til kommunerne, til virksomhederne og til borgerne, der alle \u00f8nsker at bidrage til den gr\u00f8nne omstilling.<\/p>\n\n\n\n<p>Ingen vindm\u00f8lle akt\u00f8rer \u00f8nsker at give tilbud p\u00e5 opf\u00f8relse af Danmarks off-shore vindm\u00f8lle projekter, der er (var) ankerstenen p\u00e5 hans og regeringens gr\u00f8nne omstillingsplaner. S\u00e5ledes er den gr\u00f8nne gren kn\u00e6kket og tilliden til ministeriet er bragt til et minimum.<\/p>\n\n\n\n<p>Ydermere hj\u00e6lper det ikke at han dumst\u00e6digt n\u00e6gter at lempe reglerne for kommunerne n\u00e5r de \u00f8nsker at blive mere selvforsynende med gr\u00f8n str\u00f8m fra f.eks. solcelleanl\u00e6g p\u00e5 kommunens bygninger, tage m.v.<\/p>\n\n\n\n<p>Her drejer det sig om rigide regler for ejerskab og administration af anl\u00e6ggene og ikke mindst om stupide omkostninger for at levere billig og b\u00e6redygtig gr\u00f8n str\u00f8m til elnettet i lokalomr\u00e5det.<\/p>\n\n\n\n<p>Denne lokale &#8220;gratis&#8221; overskudsstr\u00f8m som kommunerne og andre lokale akt\u00f8rer producerer og leverer til elnettet p\u00e5l\u00e6gger han s\u00e5 sidenhen de s\u00e5 velkendte voldsomme afgifter og gebyrer for dern\u00e6st at sende str\u00f8mmen videre til naboen i lokalomr\u00e5det, der alts\u00e5 uvidende modtager gratis overskudsstr\u00f8m fra &#8220;naboen&#8221; p\u00e5lagt statens gr\u00e5dige gebyrer og afgifter&#8230;.det er ikke &#8220;b\u00e6redygtigt&#8221; p\u00e5 den lange bane.<\/p>\n\n\n\n<p>Denne lokale elproduktion i vores n\u00e6romr\u00e5der reducerer ydermere behovet for en voldsom kapacitets udbyggelse af elnettet, som er n\u00f8dvendig hvis staten fastholder sin strategi om central str\u00f8mproduktion til national distribution, istedet for en mindre kapacitetskr\u00e6vende decentral strategi p\u00e5 omr\u00e5det.<\/p>\n\n\n\n<p>Hr. Aagaard&#8230;kom ind i kampen eller forlad skuden.<\/p>\n\n\n\n<p>Det er sund fornuft \ud83c\udf3b<\/p>\n\n\n\n<p>Folkestyret.dk \ud83c\udf3b NaturLigVis <\/p>\n\n\n\n<p><\/p>\n","protected":false},"excerpt":{"rendered":"<p>KEF Minister Lars Aagaard (M) stiller urimelige krav til kommunerne, til virksomhederne og til borgerne, der alle \u00f8nsker at bidrage til den gr\u00f8nne omstilling. Ingen vindm\u00f8lle akt\u00f8rer \u00f8nsker at give tilbud p\u00e5 opf\u00f8relse af Danmarks off-shore vindm\u00f8lle projekter, der er (var) ankerstenen p\u00e5 hans og regeringens gr\u00f8nne omstillingsplaner. S\u00e5ledes er den gr\u00f8nne gren kn\u00e6kket og &hellip; <\/p>\n<p class=\"link-more\"><a href=\"https:\/\/folkestyret.dk\/danmark\/2025\/01\/02\/klima-energi-og-forsynings-ministeren-har-fejlet\/\" class=\"more-link\">L\u00e6s videre<span class=\"screen-reader-text\"> &#8220;Klima-, Energi- og Forsynings-ministeren har fejlet.&#8221;<\/span><\/a><\/p>\n","protected":false},"author":1,"featured_media":0,"comment_status":"open","ping_status":"open","sticky":false,"template":"","format":"standard","meta":{"footnotes":""},"categories":[1],"tags":[],"class_list":["post-166","post","type-post","status-publish","format-standard","hentry","category-uncategorized"],"jetpack_featured_media_url":"","_links":{"self":[{"href":"https:\/\/folkestyret.dk\/danmark\/wp-json\/wp\/v2\/posts\/166","targetHints":{"allow":["GET"]}}],"collection":[{"href":"https:\/\/folkestyret.dk\/danmark\/wp-json\/wp\/v2\/posts"}],"about":[{"href":"https:\/\/folkestyret.dk\/danmark\/wp-json\/wp\/v2\/types\/post"}],"author":[{"embeddable":true,"href":"https:\/\/folkestyret.dk\/danmark\/wp-json\/wp\/v2\/users\/1"}],"replies":[{"embeddable":true,"href":"https:\/\/folkestyret.dk\/danmark\/wp-json\/wp\/v2\/comments?post=166"}],"version-history":[{"count":1,"href":"https:\/\/folkestyret.dk\/danmark\/wp-json\/wp\/v2\/posts\/166\/revisions"}],"predecessor-version":[{"id":167,"href":"https:\/\/folkestyret.dk\/danmark\/wp-json\/wp\/v2\/posts\/166\/revisions\/167"}],"wp:attachment":[{"href":"https:\/\/folkestyret.dk\/danmark\/wp-json\/wp\/v2\/media?parent=166"}],"wp:term":[{"taxonomy":"category","embeddable":true,"href":"https:\/\/folkestyret.dk\/danmark\/wp-json\/wp\/v2\/categories?post=166"},{"taxonomy":"post_tag","embeddable":true,"href":"https:\/\/folkestyret.dk\/danmark\/wp-json\/wp\/v2\/tags?post=166"}],"curies":[{"name":"wp","href":"https:\/\/api.w.org\/{rel}","templated":true}]}}