{"id":168,"date":"2025-01-02T21:51:24","date_gmt":"2025-01-02T21:51:24","guid":{"rendered":"https:\/\/folkestyret.dk\/danmark\/?p=168"},"modified":"2025-01-03T19:01:14","modified_gmt":"2025-01-03T19:01:14","slug":"stenrev-paa-nordkysten-%f0%9f%8c%bb","status":"publish","type":"post","link":"https:\/\/folkestyret.dk\/danmark\/2025\/01\/02\/stenrev-paa-nordkysten-%f0%9f%8c%bb\/","title":{"rendered":"STENREV P\u00c5 NORDKYSTEN \ud83c\udf3b"},"content":{"rendered":"\n<p>#STENREV #VINDM\u00d8LLER #FISKERI #B\u00c6REDYGTIGT #LOKALMILJ\u00d8<\/p>\n\n\n\n<p>Folkestyret.dk vil igangs\u00e6tte etablering af stenrev 100-500 meter ud for Nordkysten af Sj\u00e6lland for at sikre kystlinjen, fiskebestandene og samtidig for at etablere fundament til kommende vindm\u00f8lle parker til forsyning af Gribskov Kommunes mfl. virksomheder og borgere med gr\u00f8n b\u00e6redygtig str\u00f8m produceret og leveret i n\u00e6romr\u00e5det.<\/p>\n\n\n\n<p>Det er b\u00e6redygtigt og sund fornuft.<\/p>\n\n\n\n<p>Folkestyret.dk \ud83c\udf3b NaturLigVis<\/p>\n","protected":false},"excerpt":{"rendered":"<p>#STENREV #VINDM\u00d8LLER #FISKERI #B\u00c6REDYGTIGT #LOKALMILJ\u00d8 Folkestyret.dk vil igangs\u00e6tte etablering af stenrev 100-500 meter ud for Nordkysten af Sj\u00e6lland for at sikre kystlinjen, fiskebestandene og samtidig for at etablere fundament til kommende vindm\u00f8lle parker til forsyning af Gribskov Kommunes mfl. virksomheder og borgere med gr\u00f8n b\u00e6redygtig str\u00f8m produceret og leveret i n\u00e6romr\u00e5det. Det er b\u00e6redygtigt og &hellip; <\/p>\n<p class=\"link-more\"><a href=\"https:\/\/folkestyret.dk\/danmark\/2025\/01\/02\/stenrev-paa-nordkysten-%f0%9f%8c%bb\/\" class=\"more-link\">L\u00e6s videre<span class=\"screen-reader-text\"> &#8220;STENREV P\u00c5 NORDKYSTEN \ud83c\udf3b&#8221;<\/span><\/a><\/p>\n","protected":false},"author":1,"featured_media":0,"comment_status":"open","ping_status":"open","sticky":false,"template":"","format":"standard","meta":{"footnotes":""},"categories":[1],"tags":[],"class_list":["post-168","post","type-post","status-publish","format-standard","hentry","category-uncategorized"],"jetpack_featured_media_url":"","_links":{"self":[{"href":"https:\/\/folkestyret.dk\/danmark\/wp-json\/wp\/v2\/posts\/168","targetHints":{"allow":["GET"]}}],"collection":[{"href":"https:\/\/folkestyret.dk\/danmark\/wp-json\/wp\/v2\/posts"}],"about":[{"href":"https:\/\/folkestyret.dk\/danmark\/wp-json\/wp\/v2\/types\/post"}],"author":[{"embeddable":true,"href":"https:\/\/folkestyret.dk\/danmark\/wp-json\/wp\/v2\/users\/1"}],"replies":[{"embeddable":true,"href":"https:\/\/folkestyret.dk\/danmark\/wp-json\/wp\/v2\/comments?post=168"}],"version-history":[{"count":2,"href":"https:\/\/folkestyret.dk\/danmark\/wp-json\/wp\/v2\/posts\/168\/revisions"}],"predecessor-version":[{"id":175,"href":"https:\/\/folkestyret.dk\/danmark\/wp-json\/wp\/v2\/posts\/168\/revisions\/175"}],"wp:attachment":[{"href":"https:\/\/folkestyret.dk\/danmark\/wp-json\/wp\/v2\/media?parent=168"}],"wp:term":[{"taxonomy":"category","embeddable":true,"href":"https:\/\/folkestyret.dk\/danmark\/wp-json\/wp\/v2\/categories?post=168"},{"taxonomy":"post_tag","embeddable":true,"href":"https:\/\/folkestyret.dk\/danmark\/wp-json\/wp\/v2\/tags?post=168"}],"curies":[{"name":"wp","href":"https:\/\/api.w.org\/{rel}","templated":true}]}}